{"id":6675,"date":"2019-04-23T00:47:24","date_gmt":"2019-04-23T00:47:24","guid":{"rendered":"http:\/\/hiramenriquez.com\/?p=6675"},"modified":"2020-11-28T13:04:22","modified_gmt":"2020-11-28T18:04:22","slug":"tus-fotos-de-vacaciones-frente-a-notre-dame-luto-o-vanidad","status":"publish","type":"post","link":"https:\/\/hiramenriquez.com\/es\/tus-fotos-de-vacaciones-frente-a-notre-dame-luto-o-vanidad\/","title":{"rendered":"Tus fotos de vacaciones frente a Notre-Dame: \u00bfluto o vanidad?"},"content":{"rendered":"<h2>Un souvenir pol\u00e9mico<\/h2>\n<p>Si has estado en la Ciudad Luz despu\u00e9s del comienzo de la era del <em>smartphone<\/em>, te aseguro que tienes a mano una foto con la hist\u00f3rica fachada de la <strong>Catedral de Nuestra Se\u00f1ora de Par\u00eds<\/strong> de fondo. Probablemente es un <em>selfi<\/em> a brazo estirado, o una foto de grupo tomada por alg\u00fan amable transe\u00fante. Es nuestra manera de decir \u201cestuve aqu\u00ed\u201d cuando visitamos un lugar que nos impresiona, un \u201csouvenir\u201d absolutamente inofensivo (independientemente de las habilidades fotogr\u00e1ficas de quien la toma). Una versi\u00f3n contempor\u00e1nea de la pintura rupestre.<\/p>\n<p>Por eso no es de extra\u00f1arse que poco despu\u00e9s de que se supiera del intenso <strong>fuego<\/strong> que consumi\u00f3 parte del edificio, las redes sociales se inundaran de esas im\u00e1genes. Lo que me sorprendi\u00f3 fue ver tambi\u00e9n a alguna gente en mis muros acusando duramente a quienes las compart\u00edan de aprovechar la tragedia para alardear de sus vacaciones europeas.<\/p>\n<p>Aclaro que hay una foto m\u00eda en esa ola. No la colgu\u00e9 yo, pero tampoco me pareci\u00f3 de mal gusto que alguien lo hiciera. En un final, pens\u00e9, es como cuando muere alguien conocido. Un artista, por ejemplo. Se ha hecho costumbre que la gente repase las memorias que los relacionan con esa persona. Es un fen\u00f3meno que ahora podemos compartir con mucha gente y en este caso el alcance global de la tendencia solo es una muestra de lo universal de esta Catedral como s\u00edmbolo de la cultura occidental, engravada en el imaginario colectivo a trav\u00e9s de la historia, la literatura, el cine y hasta los videojuegos.<\/p>\n<h3>\u00bfPor qu\u00e9 compartimos fotos de tragedias?<\/h3>\n<p>En una <a href=\"https:\/\/www.forbes.com\/sites\/davidalm\/2019\/04\/17\/why-do-we-post-our-vacation-photos-of-notre-dame\/#119a369b7190\">columna<\/a> publicada en la revista Forbes, se elabora una hip\u00f3tesis sobre por qu\u00e9 precisamente compartimos estas fotos. El autor dice que el objetivo de la gente era participar en un acto de luto colectivo por la desgracia acaecida a este s\u00edmbolo arquitect\u00f3nico que tiene car\u00e1cter internacional. Compara el hecho con las expresiones p\u00fablicas de duelo tras la muerte de la Princesa Diana de Gales, un ejemplo de c\u00f3mo la presencia de los medios globales convierte esas situaciones en suceso \u201cteatralizados\u201d, mucho m\u00e1s ahora que se puede participar desde la comodidad de cada hogar. Se pregunta si es, en realidad, luto.<\/p>\n<p>\u00bfQui\u00e9n sabe? Es cierto que entre la gente que se tom\u00f3 esas fotograf\u00edas, quiz\u00e1s no todos entiendan la magnitud hist\u00f3rica de la tragedia, o no la entiendan de la misma manera. No creo que importe. Incluso en cualquier funeral no todos los asistentes son dolientes.<\/p>\n<p>En cuanto a mis contactos que hablan de vanidad, no creo que en este caso sea m\u00e1s de la que acostumbramos a ver diariamente en las redes sociales. Me atrever\u00eda a asegurar que la mayor\u00eda de esas fotos ya estaban publicadas anteriormente y solo resurgieron para la ocasi\u00f3n.<\/p>\n<h3>La restauraci\u00f3n digital<\/h3>\n<p>De forma pragm\u00e1tica, veo un aspecto positivo. Se <a href=\"https:\/\/vandal.elespanol.com\/noticia\/1350721212\/assassins-creed-unity-podria-ayudar-a-la-reconstruccion-de-notre-dame\/\">especula<\/a> sobre la posible influencia que pueda tener en la restauraci\u00f3n de Notre-Dame nada menos que el juego inform\u00e1tico \u201cAssassin\u00b4s Creed Unity\u201d. Artistas y programadores <a href=\"https:\/\/www.theverge.com\/2014\/10\/31\/7132587\/assassins-creed-unity-paris\">laboraron por dos a\u00f1os en modelar<\/a> la catedral por dentro y por fuera, hasta crear una detallada r\u00e9plica virtual del edificio sobre la base de la observaci\u00f3n y el an\u00e1lisis de fotograf\u00edas y documentos hist\u00f3ricos.<\/p>\n<p>Google y la organizaci\u00f3n sin fines de lucro CyArk hacen algo parecido con el proyecto <a href=\"https:\/\/artsandculture.google.com\/project\/cyark\">Open Heritage<\/a>, donde utilizan tecnolog\u00eda laser para escanear y reproducir virtualmente sitios hist\u00f3ricos amenazados por la erosi\u00f3n, los desastres naturales o las guerras. Es un proyecto de preservaci\u00f3n inspirado por la destrucci\u00f3n de los Budas de Bamiy\u00e1n, en Afganist\u00e1n, a manos de extremistas del Talib\u00e1n en 2001.<\/p>\n<p>De la misma manera, las fotos de miles de turistas, tomadas desde dis\u00edmiles \u00e1ngulos y perspectivas, podr\u00edan en alg\u00fan momento alimentar a cualquier sistema de inteligencia artificial que se use para tomar decisiones sobre el futuro de la <strong>Catedral de<\/strong> <strong>Notre-Dame<\/strong> para que permanezca en pie, real o virtualmente, por unos cuantos siglos m\u00e1s.<\/p>\n","protected":false},"excerpt":{"rendered":"<p>Un souvenir pol\u00e9mico Si has estado en la Ciudad Luz despu\u00e9s del comienzo de la era del smartphone, te aseguro que tienes a mano una foto con la hist\u00f3rica fachada de la Catedral de Nuestra Se\u00f1ora de Par\u00eds de fondo. Probablemente es un selfi a brazo estirado, o una foto de grupo tomada por alg\u00fan&#8230;<\/p>\n","protected":false},"author":1,"featured_media":6679,"comment_status":"open","ping_status":"open","sticky":false,"template":"","format":"standard","meta":[],"categories":[81],"tags":[100,101],"yoast_head":"<!-- This site is optimized with the Yoast SEO plugin v18.4.1 - https:\/\/yoast.com\/wordpress\/plugins\/seo\/ -->\n<title>Tus fotos de vacaciones frente a Notre-Dame: \u00bfluto o vanidad? - Hiram Enriquez<\/title>\n<meta name=\"description\" content=\"Fotograf\u00edas de tragedias: Un souvernir pol\u00e9mico \u00bfTe has preguntado alguna vez por qu\u00e9 compartimos fotos de tragedias?\" \/>\n<meta name=\"robots\" content=\"index, follow, max-snippet:-1, max-image-preview:large, max-video-preview:-1\" \/>\n<link rel=\"canonical\" href=\"https:\/\/hiramenriquez.com\/es\/tus-fotos-de-vacaciones-frente-a-notre-dame-luto-o-vanidad\/\" \/>\n<meta property=\"og:locale\" content=\"es_ES\" \/>\n<meta property=\"og:type\" content=\"article\" \/>\n<meta property=\"og:title\" content=\"Tus fotos de vacaciones frente a Notre-Dame: \u00bfluto o vanidad? - Hiram Enriquez\" \/>\n<meta property=\"og:description\" content=\"Fotograf\u00edas de tragedias: Un souvernir pol\u00e9mico \u00bfTe has preguntado alguna vez por qu\u00e9 compartimos fotos de tragedias?\" \/>\n<meta property=\"og:url\" content=\"https:\/\/hiramenriquez.com\/es\/tus-fotos-de-vacaciones-frente-a-notre-dame-luto-o-vanidad\/\" \/>\n<meta property=\"og:site_name\" content=\"Hiram Enriquez\" \/>\n<meta property=\"article:published_time\" content=\"2019-04-23T00:47:24+00:00\" \/>\n<meta property=\"article:modified_time\" content=\"2020-11-28T18:04:22+00:00\" \/>\n<meta property=\"og:image\" content=\"https:\/\/hiramenriquez.com\/wp-content\/uploads\/2019\/04\/47563907512_6b3142ae80_z.jpg\" \/>\n\t<meta property=\"og:image:width\" content=\"640\" \/>\n\t<meta property=\"og:image:height\" content=\"427\" \/>\n\t<meta property=\"og:image:type\" content=\"image\/jpeg\" \/>\n<meta name=\"twitter:card\" content=\"summary\" \/>\n<meta name=\"twitter:label1\" content=\"Escrito por\" \/>\n\t<meta name=\"twitter:data1\" content=\"administrator\" \/>\n\t<meta name=\"twitter:label2\" content=\"Tiempo de lectura\" \/>\n\t<meta name=\"twitter:data2\" content=\"4 minutos\" \/>\n<script type=\"application\/ld+json\" class=\"yoast-schema-graph\">{\"@context\":\"https:\/\/schema.org\",\"@graph\":[{\"@type\":\"WebSite\",\"@id\":\"https:\/\/hiramenriquez.com\/#website\",\"url\":\"https:\/\/hiramenriquez.com\/\",\"name\":\"Hiram Enriquez\",\"description\":\"Leader and Innovator in Digital Media\",\"potentialAction\":[{\"@type\":\"SearchAction\",\"target\":{\"@type\":\"EntryPoint\",\"urlTemplate\":\"https:\/\/hiramenriquez.com\/?s={search_term_string}\"},\"query-input\":\"required name=search_term_string\"}],\"inLanguage\":\"es\"},{\"@type\":\"ImageObject\",\"@id\":\"https:\/\/hiramenriquez.com\/es\/tus-fotos-de-vacaciones-frente-a-notre-dame-luto-o-vanidad\/#primaryimage\",\"inLanguage\":\"es\",\"url\":\"https:\/\/hiramenriquez.com\/wp-content\/uploads\/2019\/04\/47563907512_6b3142ae80_z.jpg\",\"contentUrl\":\"https:\/\/hiramenriquez.com\/wp-content\/uploads\/2019\/04\/47563907512_6b3142ae80_z.jpg\",\"width\":640,\"height\":427,\"caption\":\"Catedral de Notre-Dame\"},{\"@type\":\"WebPage\",\"@id\":\"https:\/\/hiramenriquez.com\/es\/tus-fotos-de-vacaciones-frente-a-notre-dame-luto-o-vanidad\/#webpage\",\"url\":\"https:\/\/hiramenriquez.com\/es\/tus-fotos-de-vacaciones-frente-a-notre-dame-luto-o-vanidad\/\",\"name\":\"Tus fotos de vacaciones frente a Notre-Dame: \u00bfluto o vanidad? - Hiram Enriquez\",\"isPartOf\":{\"@id\":\"https:\/\/hiramenriquez.com\/#website\"},\"primaryImageOfPage\":{\"@id\":\"https:\/\/hiramenriquez.com\/es\/tus-fotos-de-vacaciones-frente-a-notre-dame-luto-o-vanidad\/#primaryimage\"},\"datePublished\":\"2019-04-23T00:47:24+00:00\",\"dateModified\":\"2020-11-28T18:04:22+00:00\",\"author\":{\"@id\":\"https:\/\/hiramenriquez.com\/#\/schema\/person\/63a0263045efcc85f2288c041b28d217\"},\"description\":\"Fotograf\u00edas de tragedias: Un souvernir pol\u00e9mico \u00bfTe has preguntado alguna vez por qu\u00e9 compartimos fotos de tragedias?\",\"breadcrumb\":{\"@id\":\"https:\/\/hiramenriquez.com\/es\/tus-fotos-de-vacaciones-frente-a-notre-dame-luto-o-vanidad\/#breadcrumb\"},\"inLanguage\":\"es\",\"potentialAction\":[{\"@type\":\"ReadAction\",\"target\":[\"https:\/\/hiramenriquez.com\/es\/tus-fotos-de-vacaciones-frente-a-notre-dame-luto-o-vanidad\/\"]}]},{\"@type\":\"BreadcrumbList\",\"@id\":\"https:\/\/hiramenriquez.com\/es\/tus-fotos-de-vacaciones-frente-a-notre-dame-luto-o-vanidad\/#breadcrumb\",\"itemListElement\":[{\"@type\":\"ListItem\",\"position\":1,\"name\":\"Home\",\"item\":\"https:\/\/hiramenriquez.com\/es\/\"},{\"@type\":\"ListItem\",\"position\":2,\"name\":\"Tus fotos de vacaciones frente a Notre-Dame: \u00bfluto o vanidad?\"}]},{\"@type\":\"Person\",\"@id\":\"https:\/\/hiramenriquez.com\/#\/schema\/person\/63a0263045efcc85f2288c041b28d217\",\"name\":\"administrator\",\"image\":{\"@type\":\"ImageObject\",\"@id\":\"https:\/\/hiramenriquez.com\/#personlogo\",\"inLanguage\":\"es\",\"url\":\"https:\/\/secure.gravatar.com\/avatar\/94599b20ab6ca2410c78ffbef8e1d633?s=96&d=mm&r=g\",\"contentUrl\":\"https:\/\/secure.gravatar.com\/avatar\/94599b20ab6ca2410c78ffbef8e1d633?s=96&d=mm&r=g\",\"caption\":\"administrator\"},\"url\":\"https:\/\/hiramenriquez.com\/es\/author\/administrator\/\"}]}<\/script>\n<!-- \/ Yoast SEO plugin. -->","yoast_head_json":{"title":"Tus fotos de vacaciones frente a Notre-Dame: \u00bfluto o vanidad? - Hiram Enriquez","description":"Fotograf\u00edas de tragedias: Un souvernir pol\u00e9mico \u00bfTe has preguntado alguna vez por qu\u00e9 compartimos fotos de tragedias?","robots":{"index":"index","follow":"follow","max-snippet":"max-snippet:-1","max-image-preview":"max-image-preview:large","max-video-preview":"max-video-preview:-1"},"canonical":"https:\/\/hiramenriquez.com\/es\/tus-fotos-de-vacaciones-frente-a-notre-dame-luto-o-vanidad\/","og_locale":"es_ES","og_type":"article","og_title":"Tus fotos de vacaciones frente a Notre-Dame: \u00bfluto o vanidad? - Hiram Enriquez","og_description":"Fotograf\u00edas de tragedias: Un souvernir pol\u00e9mico \u00bfTe has preguntado alguna vez por qu\u00e9 compartimos fotos de tragedias?","og_url":"https:\/\/hiramenriquez.com\/es\/tus-fotos-de-vacaciones-frente-a-notre-dame-luto-o-vanidad\/","og_site_name":"Hiram Enriquez","article_published_time":"2019-04-23T00:47:24+00:00","article_modified_time":"2020-11-28T18:04:22+00:00","og_image":[{"width":640,"height":427,"url":"https:\/\/hiramenriquez.com\/wp-content\/uploads\/2019\/04\/47563907512_6b3142ae80_z.jpg","type":"image\/jpeg"}],"twitter_card":"summary","twitter_misc":{"Escrito por":"administrator","Tiempo de lectura":"4 minutos"},"schema":{"@context":"https:\/\/schema.org","@graph":[{"@type":"WebSite","@id":"https:\/\/hiramenriquez.com\/#website","url":"https:\/\/hiramenriquez.com\/","name":"Hiram Enriquez","description":"Leader and Innovator in Digital Media","potentialAction":[{"@type":"SearchAction","target":{"@type":"EntryPoint","urlTemplate":"https:\/\/hiramenriquez.com\/?s={search_term_string}"},"query-input":"required name=search_term_string"}],"inLanguage":"es"},{"@type":"ImageObject","@id":"https:\/\/hiramenriquez.com\/es\/tus-fotos-de-vacaciones-frente-a-notre-dame-luto-o-vanidad\/#primaryimage","inLanguage":"es","url":"https:\/\/hiramenriquez.com\/wp-content\/uploads\/2019\/04\/47563907512_6b3142ae80_z.jpg","contentUrl":"https:\/\/hiramenriquez.com\/wp-content\/uploads\/2019\/04\/47563907512_6b3142ae80_z.jpg","width":640,"height":427,"caption":"Catedral de Notre-Dame"},{"@type":"WebPage","@id":"https:\/\/hiramenriquez.com\/es\/tus-fotos-de-vacaciones-frente-a-notre-dame-luto-o-vanidad\/#webpage","url":"https:\/\/hiramenriquez.com\/es\/tus-fotos-de-vacaciones-frente-a-notre-dame-luto-o-vanidad\/","name":"Tus fotos de vacaciones frente a Notre-Dame: \u00bfluto o vanidad? - Hiram Enriquez","isPartOf":{"@id":"https:\/\/hiramenriquez.com\/#website"},"primaryImageOfPage":{"@id":"https:\/\/hiramenriquez.com\/es\/tus-fotos-de-vacaciones-frente-a-notre-dame-luto-o-vanidad\/#primaryimage"},"datePublished":"2019-04-23T00:47:24+00:00","dateModified":"2020-11-28T18:04:22+00:00","author":{"@id":"https:\/\/hiramenriquez.com\/#\/schema\/person\/63a0263045efcc85f2288c041b28d217"},"description":"Fotograf\u00edas de tragedias: Un souvernir pol\u00e9mico \u00bfTe has preguntado alguna vez por qu\u00e9 compartimos fotos de tragedias?","breadcrumb":{"@id":"https:\/\/hiramenriquez.com\/es\/tus-fotos-de-vacaciones-frente-a-notre-dame-luto-o-vanidad\/#breadcrumb"},"inLanguage":"es","potentialAction":[{"@type":"ReadAction","target":["https:\/\/hiramenriquez.com\/es\/tus-fotos-de-vacaciones-frente-a-notre-dame-luto-o-vanidad\/"]}]},{"@type":"BreadcrumbList","@id":"https:\/\/hiramenriquez.com\/es\/tus-fotos-de-vacaciones-frente-a-notre-dame-luto-o-vanidad\/#breadcrumb","itemListElement":[{"@type":"ListItem","position":1,"name":"Home","item":"https:\/\/hiramenriquez.com\/es\/"},{"@type":"ListItem","position":2,"name":"Tus fotos de vacaciones frente a Notre-Dame: \u00bfluto o vanidad?"}]},{"@type":"Person","@id":"https:\/\/hiramenriquez.com\/#\/schema\/person\/63a0263045efcc85f2288c041b28d217","name":"administrator","image":{"@type":"ImageObject","@id":"https:\/\/hiramenriquez.com\/#personlogo","inLanguage":"es","url":"https:\/\/secure.gravatar.com\/avatar\/94599b20ab6ca2410c78ffbef8e1d633?s=96&d=mm&r=g","contentUrl":"https:\/\/secure.gravatar.com\/avatar\/94599b20ab6ca2410c78ffbef8e1d633?s=96&d=mm&r=g","caption":"administrator"},"url":"https:\/\/hiramenriquez.com\/es\/author\/administrator\/"}]}},"_links":{"self":[{"href":"https:\/\/hiramenriquez.com\/es\/wp-json\/wp\/v2\/posts\/6675\/"}],"collection":[{"href":"https:\/\/hiramenriquez.com\/es\/wp-json\/wp\/v2\/posts\/"}],"about":[{"href":"https:\/\/hiramenriquez.com\/es\/wp-json\/wp\/v2\/types\/post\/"}],"author":[{"embeddable":true,"href":"https:\/\/hiramenriquez.com\/es\/wp-json\/wp\/v2\/users\/1\/"}],"replies":[{"embeddable":true,"href":"https:\/\/hiramenriquez.com\/es\/wp-json\/wp\/v2\/comments\/?post=6675"}],"version-history":[{"count":7,"href":"https:\/\/hiramenriquez.com\/es\/wp-json\/wp\/v2\/posts\/6675\/revisions\/"}],"predecessor-version":[{"id":8763,"href":"https:\/\/hiramenriquez.com\/es\/wp-json\/wp\/v2\/posts\/6675\/revisions\/8763\/"}],"wp:featuredmedia":[{"embeddable":true,"href":"https:\/\/hiramenriquez.com\/es\/wp-json\/wp\/v2\/media\/6679\/"}],"wp:attachment":[{"href":"https:\/\/hiramenriquez.com\/es\/wp-json\/wp\/v2\/media\/?parent=6675"}],"wp:term":[{"taxonomy":"category","embeddable":true,"href":"https:\/\/hiramenriquez.com\/es\/wp-json\/wp\/v2\/categories\/?post=6675"},{"taxonomy":"post_tag","embeddable":true,"href":"https:\/\/hiramenriquez.com\/es\/wp-json\/wp\/v2\/tags\/?post=6675"}],"curies":[{"name":"wp","href":"https:\/\/api.w.org\/{rel}","templated":true}]}}