{"id":6602,"date":"2019-03-18T22:43:54","date_gmt":"2019-03-18T22:43:54","guid":{"rendered":"http:\/\/hiramenriquez.com\/?p=6602"},"modified":"2020-11-28T13:07:44","modified_gmt":"2020-11-28T18:07:44","slug":"como-editar-la-realidad","status":"publish","type":"post","link":"https:\/\/hiramenriquez.com\/es\/como-editar-la-realidad\/","title":{"rendered":"\u00bfC\u00f3mo editar la realidad?"},"content":{"rendered":"<h2>Cuesti\u00f3n de perspectiva<\/h2>\n<p>Editar es ante todo un ejercicio de toma de decisiones. Poner esta coma aqu\u00ed para dar mayor claridad. Eliminar una frase redundante. Recortar un p\u00e1rrafo para hacerlo m\u00e1s directo.\u00a0\u00a0Cuando se habla de im\u00e1genes o video, entonces se edita para contar la historia de la manera m\u00e1s efectiva, con los \u00e1ngulos de c\u00e1mara o el enfoque que requiera la trama, sobre todo si hay restricciones de espacio, tiempo o incluso de presupuesto.<\/p>\n<p>Al final, es una cuesti\u00f3n de perspectiva. Lo que viste en los medios y no con tus propios ojos, est\u00e1, como lo indica la palabra, mediado por la subjetividad de alguna persona o grupo. Esa perspectiva, en mayor o menor grado, contiene sesgos pol\u00edticos, o econ\u00f3micos, o accidentales. Si, en los medios hay rutinas productivas como en todas las profesiones, por ejemplo la tendencia a confiar en la informaci\u00f3n de fuentes a las que siempre hemos consultado para un tema espec\u00edfico.<\/p>\n<h3>Cambiando de \u00e1ngulo<\/h3>\n<p>Reviso las reacciones al reciente\u00a0<a href=\"https:\/\/www.cnn.com\/videos\/spanish\/2019\/03\/12\/venezuela-maduro-guaido-camiones-ayuda-humanitaria-incendio-pkg-miguel-angel-antonanzas.cnn\">incidente<\/a>\u00a0de los camiones incendiados en el puente fronterizo entre Colombia y Venezuela. Me hicieron pensar en cuan f\u00e1cilmente se desata el desconcierto cuando nos enfrentamos a la realidad de que ahora hay m\u00e1s \u00e1ngulos de visi\u00f3n sobre cualquier evento que los que pudiera haber so\u00f1ado nunca el productor estrella de la m\u00e1s poderosa cadena televisiva.<\/p>\n<h2><img loading=\"lazy\" class=\"alignright size-medium wp-image-6607\" src=\"http:\/\/hiramenriquez.com\/wp-content\/uploads\/2019\/03\/C\u00f3mo-editar-la-realidad-300x200.jpg\" alt=\"medios masivos\" width=\"300\" height=\"200\" srcset=\"https:\/\/hiramenriquez.com\/wp-content\/uploads\/2019\/03\/C\u00f3mo-editar-la-realidad-300x200.jpg 300w, https:\/\/hiramenriquez.com\/wp-content\/uploads\/2019\/03\/C\u00f3mo-editar-la-realidad-600x400.jpg 600w, https:\/\/hiramenriquez.com\/wp-content\/uploads\/2019\/03\/C\u00f3mo-editar-la-realidad-768x512.jpg 768w, https:\/\/hiramenriquez.com\/wp-content\/uploads\/2019\/03\/C\u00f3mo-editar-la-realidad.jpg 800w\" sizes=\"(max-width: 300px) 100vw, 300px\" \/><\/h2>\n<p>En la confrontaci\u00f3n, ocurrida el 23 de febrero, se incendiaron dos de cuatro camiones que transportar\u00edan ayuda humanitaria hacia Venezuela.\u00a0\u00a0Los opositores al r\u00e9gimen de Maduro difundieron versiones sobre el hecho donde generalmente culpaban a efectivos de la Polic\u00eda Nacional Bolivariana de provocar el siniestro. Despu\u00e9s de todo, estos bloqueaban la entrada de la caravana encaminada a alivianar la crisis humanitaria en el pa\u00eds.<\/p>\n<p>D\u00edas m\u00e1s tarde, un equipo de reporteros de\u00a0<em>The New York Times\u00a0<\/em><a href=\"https:\/\/www.nytimes.com\/2019\/03\/10\/world\/americas\/venezuela-aid-fire-video.html\">ilumin\u00f3 una perspectiva distinta sobre el asunto<\/a>, al comparar im\u00e1genes tomadas por distintas c\u00e1maras. En ellas se observa a uno de los manifestantes opositores a Maduro lanzar un cocktail Molotov cuya mecha se separa y vuela en direcci\u00f3n a uno de los camiones poco antes de que comenzara el fuego. Tambi\u00e9n encontraron que en el video de las c\u00e1maras de seguridad del puente distribuido por Colombia faltar\u00edan unos 13 minutos antes del incendio, seg\u00fan los controles digitales de c\u00f3digo de tiempo de ese material.<\/p>\n<p>Como es natural, as\u00ed se aviva la controversia sobre el tema. La tendencia natural de muchos cr\u00edticos es a levantar un dedo acusador hacia las <strong>redes sociales<\/strong> como \u201ccaja de resonancia\u201d que amplifica la desinformaci\u00f3n.\u00a0\u00a0El propio video del\u00a0<em>Times<\/em>as\u00ed lo apunta, enfatizando que muchas figuras influyentes, y algunos <strong>medios masivos<\/strong>, se lanzaron con la hip\u00f3tesis inicial como si fuera un hecho probado aunque no tuvieran evidencia s\u00f3lida.<\/p>\n<h3>Tejados de vidrio<\/h3>\n<p>Poni\u00e9ndolo todo en contexto, pienso que antes de sumarnos a la tendencia de culpar al nuevo medio, debemos entender que este s\u00f3lo amplifica los sesgos que ya existen.\u00a0\u00a0Ahora es m\u00e1s f\u00e1cil hacerlos p\u00fablicos en nuestras propias voces.\u00a0\u00a0Por supuesto, unas son mas estridentes que otras, pero del otro lado est\u00e1 el poder de difundir aristas de la realidad que antes hubieran pasado inadvertidas.<\/p>\n<p>No sabemos cu\u00e1l es la fuente del video adicional que recibi\u00f3 el\u00a0<em>NYT<\/em>.\u00a0\u00a0Sin embargo, numerosos acontecimientos recientes nos han demostrado c\u00f3mo el disponer de otros \u00e1ngulos de c\u00e1mara, generalmente tomados con m\u00f3viles, ha informado la perspectiva del p\u00fablico sobre incidentes de conductas racistas o antiinmigrantes, por ejemplo.<\/p>\n<p>Para ser sinceros, tambi\u00e9n hay que reconocer que a pesar de los estrictos est\u00e1ndares \u00e9ticos que rigen nuestras pr\u00e1cticas editoriales en los medios tradicionales, no siempre salimos victoriosos y muchas veces tenemos que enmendar la plana.<\/p>\n<p>Esto me record\u00f3 exactamente un caso de un mundo en que no exist\u00edan las <strong>redes sociales<\/strong> como las conocemos ahora (literalmente el siglo pasado). Durante las Olimpiadas de 1996 en Atlanta,\u00a0<a href=\"https:\/\/www.cnn.com\/2013\/09\/18\/us\/olympic-park-bombing-fast-facts\/index.html\">una bomba casera<\/a>\u00a0deton\u00f3 en el Parque Ol\u00edmpico de la ciudad.\u00a0\u00a0En la cobertura medi\u00e1tica que sigui\u00f3 al incidente, un guardia de seguridad que estaba trabajando esa noche en la zona,\u00a0<a href=\"http:\/\/www.cnn.com\/2007\/US\/08\/29\/richard.jewell\/\">Richard Jewell<\/a>, recibi\u00f3 un papel protag\u00f3nico: primero como h\u00e9roe que ayud\u00f3 a salvar vidas y luego como principal sospechoso de haber puesto el explosivo.<\/p>\n<p>\u00bfLa causa? En alg\u00fan momento se \u201cfiltr\u00f3\u201d que las autoridades estar\u00edan investigando a Jewell por ciertos incidentes en su pasado.\u00a0\u00a0Los peri\u00f3dicos y las cadenas de televisi\u00f3n desataron un foco implacable en su imagen, d\u00e1ndolo pr\u00e1cticamente por culpable durante varias semanas hasta que el verdadero atacante fue identificado. Jewell demand\u00f3 al FBI y a varias organizaciones de medios, algunas de las cuales terminaron por arreglar el caso fuera de los tribunales.<\/p>\n<h3>Pensamiento cr\u00edtico<\/h3>\n<p>No hay por qu\u00e9 tratar de hacer al genio volver a entrar en la l\u00e1mpara. En lugar de atacar a lo que pasa en las <strong>redes sociales<\/strong>, deber\u00edamos celebrar que hay ej\u00e9rcitos de productores potenciales que salimos cada d\u00eda con nuestros m\u00f3viles en mano, dispuestos a ofrecer otros puntos de vista, otros \u00e1ngulos de c\u00e1mara.<\/p>\n<p>El ant\u00eddoto para las posibles consecuencias negativas es, como siempre, la capacidad de <strong>pensamiento cr\u00edtico<\/strong>. Esto sigue siendo crucial tanto para los editores de los <strong>medios masivos<\/strong> como para cada persona que, aunque no se de cuenta, edita su propia dieta medi\u00e1tica cada vez que decide qu\u00e9 escuchar y a qui\u00e9n creerle.<\/p>\n","protected":false},"excerpt":{"rendered":"<p>Cuesti\u00f3n de perspectiva Editar es ante todo un ejercicio de toma de decisiones. Poner esta coma aqu\u00ed para dar mayor claridad. Eliminar una frase redundante. Recortar un p\u00e1rrafo para hacerlo m\u00e1s directo.\u00a0\u00a0Cuando se habla de im\u00e1genes o video, entonces se edita para contar la historia de la manera m\u00e1s efectiva, con los \u00e1ngulos de c\u00e1mara&#8230;<\/p>\n","protected":false},"author":1,"featured_media":6603,"comment_status":"open","ping_status":"open","sticky":false,"template":"","format":"standard","meta":[],"categories":[81],"tags":[70,95,94],"yoast_head":"<!-- This site is optimized with the Yoast SEO plugin v18.4.1 - https:\/\/yoast.com\/wordpress\/plugins\/seo\/ -->\n<title>\u00bfC\u00f3mo editar la realidad? - Hiram Enriquez<\/title>\n<meta name=\"description\" content=\"Editar es ante todo un ejercicio de toma de decisiones. Poner esta coma aqu\u00ed para dar mayor claridad. Eliminar una frase redundante.\" \/>\n<meta name=\"robots\" content=\"index, follow, max-snippet:-1, max-image-preview:large, max-video-preview:-1\" \/>\n<link rel=\"canonical\" href=\"https:\/\/hiramenriquez.com\/es\/como-editar-la-realidad\/\" \/>\n<meta property=\"og:locale\" content=\"es_ES\" \/>\n<meta property=\"og:type\" content=\"article\" \/>\n<meta property=\"og:title\" content=\"\u00bfC\u00f3mo editar la realidad? - Hiram Enriquez\" \/>\n<meta property=\"og:description\" content=\"Editar es ante todo un ejercicio de toma de decisiones. Poner esta coma aqu\u00ed para dar mayor claridad. Eliminar una frase redundante.\" \/>\n<meta property=\"og:url\" content=\"https:\/\/hiramenriquez.com\/es\/como-editar-la-realidad\/\" \/>\n<meta property=\"og:site_name\" content=\"Hiram Enriquez\" \/>\n<meta property=\"article:published_time\" content=\"2019-03-18T22:43:54+00:00\" \/>\n<meta property=\"article:modified_time\" content=\"2020-11-28T18:07:44+00:00\" \/>\n<meta property=\"og:image\" content=\"https:\/\/hiramenriquez.com\/wp-content\/uploads\/2019\/03\/Editando-la-realidad.jpg\" \/>\n\t<meta property=\"og:image:width\" content=\"800\" \/>\n\t<meta property=\"og:image:height\" content=\"533\" \/>\n\t<meta property=\"og:image:type\" content=\"image\/jpeg\" \/>\n<meta name=\"twitter:card\" content=\"summary\" \/>\n<meta name=\"twitter:label1\" content=\"Escrito por\" \/>\n\t<meta name=\"twitter:data1\" content=\"administrator\" \/>\n\t<meta name=\"twitter:label2\" content=\"Tiempo de lectura\" \/>\n\t<meta name=\"twitter:data2\" content=\"5 minutos\" \/>\n<script type=\"application\/ld+json\" class=\"yoast-schema-graph\">{\"@context\":\"https:\/\/schema.org\",\"@graph\":[{\"@type\":\"WebSite\",\"@id\":\"https:\/\/hiramenriquez.com\/#website\",\"url\":\"https:\/\/hiramenriquez.com\/\",\"name\":\"Hiram Enriquez\",\"description\":\"Leader and Innovator in Digital Media\",\"potentialAction\":[{\"@type\":\"SearchAction\",\"target\":{\"@type\":\"EntryPoint\",\"urlTemplate\":\"https:\/\/hiramenriquez.com\/?s={search_term_string}\"},\"query-input\":\"required name=search_term_string\"}],\"inLanguage\":\"es\"},{\"@type\":\"ImageObject\",\"@id\":\"https:\/\/hiramenriquez.com\/es\/como-editar-la-realidad\/#primaryimage\",\"inLanguage\":\"es\",\"url\":\"https:\/\/hiramenriquez.com\/wp-content\/uploads\/2019\/03\/Editando-la-realidad.jpg\",\"contentUrl\":\"https:\/\/hiramenriquez.com\/wp-content\/uploads\/2019\/03\/Editando-la-realidad.jpg\",\"width\":800,\"height\":533,\"caption\":\"redes sociales\"},{\"@type\":\"WebPage\",\"@id\":\"https:\/\/hiramenriquez.com\/es\/como-editar-la-realidad\/#webpage\",\"url\":\"https:\/\/hiramenriquez.com\/es\/como-editar-la-realidad\/\",\"name\":\"\u00bfC\u00f3mo editar la realidad? - Hiram Enriquez\",\"isPartOf\":{\"@id\":\"https:\/\/hiramenriquez.com\/#website\"},\"primaryImageOfPage\":{\"@id\":\"https:\/\/hiramenriquez.com\/es\/como-editar-la-realidad\/#primaryimage\"},\"datePublished\":\"2019-03-18T22:43:54+00:00\",\"dateModified\":\"2020-11-28T18:07:44+00:00\",\"author\":{\"@id\":\"https:\/\/hiramenriquez.com\/#\/schema\/person\/63a0263045efcc85f2288c041b28d217\"},\"description\":\"Editar es ante todo un ejercicio de toma de decisiones. Poner esta coma aqu\u00ed para dar mayor claridad. Eliminar una frase redundante.\",\"breadcrumb\":{\"@id\":\"https:\/\/hiramenriquez.com\/es\/como-editar-la-realidad\/#breadcrumb\"},\"inLanguage\":\"es\",\"potentialAction\":[{\"@type\":\"ReadAction\",\"target\":[\"https:\/\/hiramenriquez.com\/es\/como-editar-la-realidad\/\"]}]},{\"@type\":\"BreadcrumbList\",\"@id\":\"https:\/\/hiramenriquez.com\/es\/como-editar-la-realidad\/#breadcrumb\",\"itemListElement\":[{\"@type\":\"ListItem\",\"position\":1,\"name\":\"Home\",\"item\":\"https:\/\/hiramenriquez.com\/es\/\"},{\"@type\":\"ListItem\",\"position\":2,\"name\":\"\u00bfC\u00f3mo editar la realidad?\"}]},{\"@type\":\"Person\",\"@id\":\"https:\/\/hiramenriquez.com\/#\/schema\/person\/63a0263045efcc85f2288c041b28d217\",\"name\":\"administrator\",\"image\":{\"@type\":\"ImageObject\",\"@id\":\"https:\/\/hiramenriquez.com\/#personlogo\",\"inLanguage\":\"es\",\"url\":\"https:\/\/secure.gravatar.com\/avatar\/94599b20ab6ca2410c78ffbef8e1d633?s=96&d=mm&r=g\",\"contentUrl\":\"https:\/\/secure.gravatar.com\/avatar\/94599b20ab6ca2410c78ffbef8e1d633?s=96&d=mm&r=g\",\"caption\":\"administrator\"},\"url\":\"https:\/\/hiramenriquez.com\/es\/author\/administrator\/\"}]}<\/script>\n<!-- \/ Yoast SEO plugin. -->","yoast_head_json":{"title":"\u00bfC\u00f3mo editar la realidad? - Hiram Enriquez","description":"Editar es ante todo un ejercicio de toma de decisiones. Poner esta coma aqu\u00ed para dar mayor claridad. Eliminar una frase redundante.","robots":{"index":"index","follow":"follow","max-snippet":"max-snippet:-1","max-image-preview":"max-image-preview:large","max-video-preview":"max-video-preview:-1"},"canonical":"https:\/\/hiramenriquez.com\/es\/como-editar-la-realidad\/","og_locale":"es_ES","og_type":"article","og_title":"\u00bfC\u00f3mo editar la realidad? - Hiram Enriquez","og_description":"Editar es ante todo un ejercicio de toma de decisiones. Poner esta coma aqu\u00ed para dar mayor claridad. Eliminar una frase redundante.","og_url":"https:\/\/hiramenriquez.com\/es\/como-editar-la-realidad\/","og_site_name":"Hiram Enriquez","article_published_time":"2019-03-18T22:43:54+00:00","article_modified_time":"2020-11-28T18:07:44+00:00","og_image":[{"width":800,"height":533,"url":"https:\/\/hiramenriquez.com\/wp-content\/uploads\/2019\/03\/Editando-la-realidad.jpg","type":"image\/jpeg"}],"twitter_card":"summary","twitter_misc":{"Escrito por":"administrator","Tiempo de lectura":"5 minutos"},"schema":{"@context":"https:\/\/schema.org","@graph":[{"@type":"WebSite","@id":"https:\/\/hiramenriquez.com\/#website","url":"https:\/\/hiramenriquez.com\/","name":"Hiram Enriquez","description":"Leader and Innovator in Digital Media","potentialAction":[{"@type":"SearchAction","target":{"@type":"EntryPoint","urlTemplate":"https:\/\/hiramenriquez.com\/?s={search_term_string}"},"query-input":"required name=search_term_string"}],"inLanguage":"es"},{"@type":"ImageObject","@id":"https:\/\/hiramenriquez.com\/es\/como-editar-la-realidad\/#primaryimage","inLanguage":"es","url":"https:\/\/hiramenriquez.com\/wp-content\/uploads\/2019\/03\/Editando-la-realidad.jpg","contentUrl":"https:\/\/hiramenriquez.com\/wp-content\/uploads\/2019\/03\/Editando-la-realidad.jpg","width":800,"height":533,"caption":"redes sociales"},{"@type":"WebPage","@id":"https:\/\/hiramenriquez.com\/es\/como-editar-la-realidad\/#webpage","url":"https:\/\/hiramenriquez.com\/es\/como-editar-la-realidad\/","name":"\u00bfC\u00f3mo editar la realidad? - Hiram Enriquez","isPartOf":{"@id":"https:\/\/hiramenriquez.com\/#website"},"primaryImageOfPage":{"@id":"https:\/\/hiramenriquez.com\/es\/como-editar-la-realidad\/#primaryimage"},"datePublished":"2019-03-18T22:43:54+00:00","dateModified":"2020-11-28T18:07:44+00:00","author":{"@id":"https:\/\/hiramenriquez.com\/#\/schema\/person\/63a0263045efcc85f2288c041b28d217"},"description":"Editar es ante todo un ejercicio de toma de decisiones. Poner esta coma aqu\u00ed para dar mayor claridad. Eliminar una frase redundante.","breadcrumb":{"@id":"https:\/\/hiramenriquez.com\/es\/como-editar-la-realidad\/#breadcrumb"},"inLanguage":"es","potentialAction":[{"@type":"ReadAction","target":["https:\/\/hiramenriquez.com\/es\/como-editar-la-realidad\/"]}]},{"@type":"BreadcrumbList","@id":"https:\/\/hiramenriquez.com\/es\/como-editar-la-realidad\/#breadcrumb","itemListElement":[{"@type":"ListItem","position":1,"name":"Home","item":"https:\/\/hiramenriquez.com\/es\/"},{"@type":"ListItem","position":2,"name":"\u00bfC\u00f3mo editar la realidad?"}]},{"@type":"Person","@id":"https:\/\/hiramenriquez.com\/#\/schema\/person\/63a0263045efcc85f2288c041b28d217","name":"administrator","image":{"@type":"ImageObject","@id":"https:\/\/hiramenriquez.com\/#personlogo","inLanguage":"es","url":"https:\/\/secure.gravatar.com\/avatar\/94599b20ab6ca2410c78ffbef8e1d633?s=96&d=mm&r=g","contentUrl":"https:\/\/secure.gravatar.com\/avatar\/94599b20ab6ca2410c78ffbef8e1d633?s=96&d=mm&r=g","caption":"administrator"},"url":"https:\/\/hiramenriquez.com\/es\/author\/administrator\/"}]}},"_links":{"self":[{"href":"https:\/\/hiramenriquez.com\/es\/wp-json\/wp\/v2\/posts\/6602\/"}],"collection":[{"href":"https:\/\/hiramenriquez.com\/es\/wp-json\/wp\/v2\/posts\/"}],"about":[{"href":"https:\/\/hiramenriquez.com\/es\/wp-json\/wp\/v2\/types\/post\/"}],"author":[{"embeddable":true,"href":"https:\/\/hiramenriquez.com\/es\/wp-json\/wp\/v2\/users\/1\/"}],"replies":[{"embeddable":true,"href":"https:\/\/hiramenriquez.com\/es\/wp-json\/wp\/v2\/comments\/?post=6602"}],"version-history":[{"count":4,"href":"https:\/\/hiramenriquez.com\/es\/wp-json\/wp\/v2\/posts\/6602\/revisions\/"}],"predecessor-version":[{"id":9108,"href":"https:\/\/hiramenriquez.com\/es\/wp-json\/wp\/v2\/posts\/6602\/revisions\/9108\/"}],"wp:featuredmedia":[{"embeddable":true,"href":"https:\/\/hiramenriquez.com\/es\/wp-json\/wp\/v2\/media\/6603\/"}],"wp:attachment":[{"href":"https:\/\/hiramenriquez.com\/es\/wp-json\/wp\/v2\/media\/?parent=6602"}],"wp:term":[{"taxonomy":"category","embeddable":true,"href":"https:\/\/hiramenriquez.com\/es\/wp-json\/wp\/v2\/categories\/?post=6602"},{"taxonomy":"post_tag","embeddable":true,"href":"https:\/\/hiramenriquez.com\/es\/wp-json\/wp\/v2\/tags\/?post=6602"}],"curies":[{"name":"wp","href":"https:\/\/api.w.org\/{rel}","templated":true}]}}