{"id":5930,"date":"2017-03-24T21:37:01","date_gmt":"2017-03-24T21:37:01","guid":{"rendered":"http:\/\/hiramenriquez.com\/?p=5930\/"},"modified":"2017-03-24T21:37:01","modified_gmt":"2017-03-24T21:37:01","slug":"simposio-anual-de-america-latina-y-el-caribe-la-cultura-de-medios-moviles-de-comunicacion-en-las-americas","status":"publish","type":"post","link":"https:\/\/hiramenriquez.com\/es\/simposio-anual-de-america-latina-y-el-caribe-la-cultura-de-medios-moviles-de-comunicacion-en-las-americas\/","title":{"rendered":"Simposio anual de Am\u00e9rica Latina y el Caribe: La cultura de medios m\u00f3viles de comunicaci\u00f3n en las Am\u00e9ricas"},"content":{"rendered":"<p>Como fundador de <a href=\"http:\/\/contentmist.com\/\">Mist | The Content Cloud<\/a>, aprovecho cualquier oportunidad de recordarle a periodistas, acad\u00e9micos y colegas de los medios de comunicaci\u00f3n que, aunque nuestra industria est\u00e1 en crisis, tenemos el deber y la capacidad de avanzar. La \u00fanica herramienta que tenemos para hacer eso es la innovaci\u00f3n.<\/p>\n<p>Esta es la raz\u00f3n por la que me emocion\u00e9 cuando los buenos amigos de la Universidad International de La Florida me invitaron a hablar en un panel titulado: <strong>La brecha digital y las noticias, estudios de caso, el poder del contenido y la innovaci\u00f3n continua.<\/strong> La idea era compartir experiencias sobre &#8220;c\u00f3mo los medios heredados y los <strong>medios<\/strong> enteramente <strong>digitales<\/strong> apuntan a una audiencia resbaladiza&#8221;.<img loading=\"lazy\" class=\"alignnone size-full wp-image-5932\" src=\"http:\/\/hiramenriquez.com\/wp-content\/uploads\/2017\/03\/Hiram-at-FIU-e1490384518617.jpg\" alt=\"Hiram en el MMCA17\" width=\"800\" height=\"598\" \/><\/p>\n<p>He aqu\u00ed una recapitulaci\u00f3n de los puntos principales de mi intervenci\u00f3n:<\/p>\n<ul>\n<li>Las invenciones en las plataformas y sistemas de entrega durante la \u00faltima d\u00e9cada (por ejemplo, Netflix) han sido abundantes y no tan distantes entre s\u00ed en el tiempo como lo fueron en el pasado (v\u00e9ase Meeker&#8217;s 2016 Internet Report). \u00bfQu\u00e9 tienden a tener en com\u00fan? Parecen centrarse en dar a los usuarios el total control sobre el contenido: c\u00f3mo y cu\u00e1ndo se consume y qu\u00e9 es lo relevante.<\/li>\n<li>Esto ha llevado a lo que yo llamo la Era de los Medios Personales: las personas controlan su dieta medi\u00e1tica como nodos en vastas redes interconectadas, donde se relacionan con organizaciones de medios establecidas de la misma manera en que se conectan entre s\u00ed.<\/li>\n<li>Estamos alterando los mecanismos tradicionales y los modelos de negocio. Los medios tradicionales (tradicionales) ya no ofrecen los mismos resultados de la audiencia, y esa tendencia alcanza incluso a las organizaciones digitales que operan bajo modelos tradicionales. En resumen, los anunciantes est\u00e1n pagando m\u00e1s por menos.<\/li>\n<li>Considerando que la brecha digital, siempre a lo largo de las l\u00edneas de escasez, se centr\u00f3 previamente en el acceso, ahora el \u201ccommodity\u201d es la atenci\u00f3n.<\/li>\n<li>Es imperativo que comprendamos dos factores clave: la ubicuidad de los datos del usuario y la tiran\u00eda del algoritmo. Impactan todo, desde el descubrimiento de contenido hasta las ubicaciones de anuncios publicitarios (canales de noticias o \u201cfeeds\u201d, publicidad program\u00e1tica)<\/li>\n<li>Hay formas de superar esos desaf\u00edos, principalmente con dinero y garantizando la relevancia del contenido<\/li>\n<li>El contenido sigue siendo la clave, ya que los temas de conversaci\u00f3n son necesarios para las marcas, las personas, las organizaciones, interesados \u200b\u200ben participar de La Conversaci\u00f3n, lo que no se logra solo con el contenido publicitario o de mercadeo.<\/li>\n<li>Nos comprometemos en nuestro proyecto en Mist a interrumpir los modelos tradicionales de distribuci\u00f3n de contenido, buscando que est\u00e9 disponible donde sea necesario.<\/li>\n<\/ul>\n<p><img loading=\"lazy\" class=\"alignleft wp-image-5933\" src=\"http:\/\/hiramenriquez.com\/wp-content\/uploads\/2017\/03\/FIU-copia.png\" alt=\"FIU\" width=\"250\" height=\"162\" \/>Acerca del Simposio: Cada a\u00f1o, el <strong>Centro Kimberly Green para Latinoam\u00e9rica y el Caribe junto con la Escuela de Periodismo y Comunicaci\u00f3n del <\/strong><a href=\"https:\/\/mmca17.splashthat.com\/\"><strong>FIU<\/strong><\/a> se asocian para brindar un foro para periodistas, acad\u00e9micos y pol\u00edticos para discutir los problemas sociales, econ\u00f3micos y pol\u00edticos que enfrenta el hemisferio.<br \/>\nEstas conversaciones representan esfuerzos informados e interdisciplinarios para mejorar y profundizar la cobertura de noticias, la toma de decisiones de pol\u00edticas y la comprensi\u00f3n del p\u00fablico en general de la regi\u00f3n.<\/p>\n","protected":false},"excerpt":{"rendered":"<p>Como fundador de Mist | The Content Cloud, aprovecho cualquier oportunidad de recordarle a periodistas, acad\u00e9micos y colegas de los medios de comunicaci\u00f3n que, aunque nuestra industria est\u00e1 en crisis, tenemos el deber y la capacidad de avanzar. La \u00fanica herramienta que tenemos para hacer eso es la innovaci\u00f3n. Esta es la raz\u00f3n por la&#8230;<\/p>\n","protected":false},"author":1,"featured_media":5918,"comment_status":"open","ping_status":"open","sticky":false,"template":"","format":"standard","meta":[],"categories":[56,57],"tags":[53,54,52,55],"yoast_head":"<!-- This site is optimized with the Yoast SEO plugin v18.4.1 - https:\/\/yoast.com\/wordpress\/plugins\/seo\/ -->\n<title>Simposio anual de Am\u00e9rica Latina y el Caribe: La cultura de medios m\u00f3viles de comunicaci\u00f3n en las Am\u00e9ricas<\/title>\n<meta name=\"description\" content=\"Desde invenciones en plataformas y sistemas de entrega durante la \u00faltima d\u00e9cada hasta el papel clave del contenido en la era de los medios digitales.\" \/>\n<meta name=\"robots\" content=\"index, follow, max-snippet:-1, max-image-preview:large, max-video-preview:-1\" \/>\n<link rel=\"canonical\" href=\"https:\/\/hiramenriquez.com\/es\/simposio-anual-de-america-latina-y-el-caribe-la-cultura-de-medios-moviles-de-comunicacion-en-las-americas\/\" \/>\n<meta property=\"og:locale\" content=\"es_ES\" \/>\n<meta property=\"og:type\" content=\"article\" \/>\n<meta property=\"og:title\" content=\"Simposio anual de Am\u00e9rica Latina y el Caribe: La cultura de medios m\u00f3viles de comunicaci\u00f3n en las Am\u00e9ricas\" \/>\n<meta property=\"og:description\" content=\"Desde invenciones en plataformas y sistemas de entrega durante la \u00faltima d\u00e9cada hasta el papel clave del contenido en la era de los medios digitales.\" \/>\n<meta property=\"og:url\" content=\"https:\/\/hiramenriquez.com\/es\/simposio-anual-de-america-latina-y-el-caribe-la-cultura-de-medios-moviles-de-comunicacion-en-las-americas\/\" \/>\n<meta property=\"og:site_name\" content=\"Hiram Enriquez\" \/>\n<meta property=\"article:published_time\" content=\"2017-03-24T21:37:01+00:00\" \/>\n<meta property=\"og:image\" content=\"https:\/\/hiramenriquez.com\/wp-content\/uploads\/2017\/03\/MMCA17-1-e1491525329492.jpg\" \/>\n\t<meta property=\"og:image:width\" content=\"533\" \/>\n\t<meta property=\"og:image:height\" content=\"400\" \/>\n\t<meta property=\"og:image:type\" content=\"image\/jpeg\" \/>\n<meta name=\"twitter:card\" content=\"summary\" \/>\n<meta name=\"twitter:label1\" content=\"Escrito por\" \/>\n\t<meta name=\"twitter:data1\" content=\"administrator\" \/>\n\t<meta name=\"twitter:label2\" content=\"Tiempo de lectura\" \/>\n\t<meta name=\"twitter:data2\" content=\"3 minutos\" \/>\n<script type=\"application\/ld+json\" class=\"yoast-schema-graph\">{\"@context\":\"https:\/\/schema.org\",\"@graph\":[{\"@type\":\"WebSite\",\"@id\":\"https:\/\/hiramenriquez.com\/#website\",\"url\":\"https:\/\/hiramenriquez.com\/\",\"name\":\"Hiram Enriquez\",\"description\":\"Leader and Innovator in Digital Media\",\"potentialAction\":[{\"@type\":\"SearchAction\",\"target\":{\"@type\":\"EntryPoint\",\"urlTemplate\":\"https:\/\/hiramenriquez.com\/?s={search_term_string}\"},\"query-input\":\"required name=search_term_string\"}],\"inLanguage\":\"es\"},{\"@type\":\"ImageObject\",\"@id\":\"https:\/\/hiramenriquez.com\/es\/simposio-anual-de-america-latina-y-el-caribe-la-cultura-de-medios-moviles-de-comunicacion-en-las-americas\/#primaryimage\",\"inLanguage\":\"es\",\"url\":\"https:\/\/hiramenriquez.com\/wp-content\/uploads\/2017\/03\/MMCA17-1-e1491525329492.jpg\",\"contentUrl\":\"https:\/\/hiramenriquez.com\/wp-content\/uploads\/2017\/03\/MMCA17-1-e1491525329492.jpg\",\"width\":533,\"height\":400,\"caption\":\"Hiram en el Simposio anual de Am\u00e9rica Latina y el Caribe\"},{\"@type\":\"WebPage\",\"@id\":\"https:\/\/hiramenriquez.com\/es\/simposio-anual-de-america-latina-y-el-caribe-la-cultura-de-medios-moviles-de-comunicacion-en-las-americas\/#webpage\",\"url\":\"https:\/\/hiramenriquez.com\/es\/simposio-anual-de-america-latina-y-el-caribe-la-cultura-de-medios-moviles-de-comunicacion-en-las-americas\/\",\"name\":\"Simposio anual de Am\u00e9rica Latina y el Caribe: La cultura de medios m\u00f3viles de comunicaci\u00f3n en las Am\u00e9ricas\",\"isPartOf\":{\"@id\":\"https:\/\/hiramenriquez.com\/#website\"},\"primaryImageOfPage\":{\"@id\":\"https:\/\/hiramenriquez.com\/es\/simposio-anual-de-america-latina-y-el-caribe-la-cultura-de-medios-moviles-de-comunicacion-en-las-americas\/#primaryimage\"},\"datePublished\":\"2017-03-24T21:37:01+00:00\",\"dateModified\":\"2017-03-24T21:37:01+00:00\",\"author\":{\"@id\":\"https:\/\/hiramenriquez.com\/#\/schema\/person\/63a0263045efcc85f2288c041b28d217\"},\"description\":\"Desde invenciones en plataformas y sistemas de entrega durante la \u00faltima d\u00e9cada hasta el papel clave del contenido en la era de los medios digitales.\",\"breadcrumb\":{\"@id\":\"https:\/\/hiramenriquez.com\/es\/simposio-anual-de-america-latina-y-el-caribe-la-cultura-de-medios-moviles-de-comunicacion-en-las-americas\/#breadcrumb\"},\"inLanguage\":\"es\",\"potentialAction\":[{\"@type\":\"ReadAction\",\"target\":[\"https:\/\/hiramenriquez.com\/es\/simposio-anual-de-america-latina-y-el-caribe-la-cultura-de-medios-moviles-de-comunicacion-en-las-americas\/\"]}]},{\"@type\":\"BreadcrumbList\",\"@id\":\"https:\/\/hiramenriquez.com\/es\/simposio-anual-de-america-latina-y-el-caribe-la-cultura-de-medios-moviles-de-comunicacion-en-las-americas\/#breadcrumb\",\"itemListElement\":[{\"@type\":\"ListItem\",\"position\":1,\"name\":\"Home\",\"item\":\"https:\/\/hiramenriquez.com\/es\/\"},{\"@type\":\"ListItem\",\"position\":2,\"name\":\"Simposio anual de Am\u00e9rica Latina y el Caribe: La cultura de medios m\u00f3viles de comunicaci\u00f3n en las Am\u00e9ricas\"}]},{\"@type\":\"Person\",\"@id\":\"https:\/\/hiramenriquez.com\/#\/schema\/person\/63a0263045efcc85f2288c041b28d217\",\"name\":\"administrator\",\"image\":{\"@type\":\"ImageObject\",\"@id\":\"https:\/\/hiramenriquez.com\/#personlogo\",\"inLanguage\":\"es\",\"url\":\"https:\/\/secure.gravatar.com\/avatar\/94599b20ab6ca2410c78ffbef8e1d633?s=96&d=mm&r=g\",\"contentUrl\":\"https:\/\/secure.gravatar.com\/avatar\/94599b20ab6ca2410c78ffbef8e1d633?s=96&d=mm&r=g\",\"caption\":\"administrator\"},\"url\":\"https:\/\/hiramenriquez.com\/es\/author\/administrator\/\"}]}<\/script>\n<!-- \/ Yoast SEO plugin. -->","yoast_head_json":{"title":"Simposio anual de Am\u00e9rica Latina y el Caribe: La cultura de medios m\u00f3viles de comunicaci\u00f3n en las Am\u00e9ricas","description":"Desde invenciones en plataformas y sistemas de entrega durante la \u00faltima d\u00e9cada hasta el papel clave del contenido en la era de los medios digitales.","robots":{"index":"index","follow":"follow","max-snippet":"max-snippet:-1","max-image-preview":"max-image-preview:large","max-video-preview":"max-video-preview:-1"},"canonical":"https:\/\/hiramenriquez.com\/es\/simposio-anual-de-america-latina-y-el-caribe-la-cultura-de-medios-moviles-de-comunicacion-en-las-americas\/","og_locale":"es_ES","og_type":"article","og_title":"Simposio anual de Am\u00e9rica Latina y el Caribe: La cultura de medios m\u00f3viles de comunicaci\u00f3n en las Am\u00e9ricas","og_description":"Desde invenciones en plataformas y sistemas de entrega durante la \u00faltima d\u00e9cada hasta el papel clave del contenido en la era de los medios digitales.","og_url":"https:\/\/hiramenriquez.com\/es\/simposio-anual-de-america-latina-y-el-caribe-la-cultura-de-medios-moviles-de-comunicacion-en-las-americas\/","og_site_name":"Hiram Enriquez","article_published_time":"2017-03-24T21:37:01+00:00","og_image":[{"width":533,"height":400,"url":"https:\/\/hiramenriquez.com\/wp-content\/uploads\/2017\/03\/MMCA17-1-e1491525329492.jpg","type":"image\/jpeg"}],"twitter_card":"summary","twitter_misc":{"Escrito por":"administrator","Tiempo de lectura":"3 minutos"},"schema":{"@context":"https:\/\/schema.org","@graph":[{"@type":"WebSite","@id":"https:\/\/hiramenriquez.com\/#website","url":"https:\/\/hiramenriquez.com\/","name":"Hiram Enriquez","description":"Leader and Innovator in Digital Media","potentialAction":[{"@type":"SearchAction","target":{"@type":"EntryPoint","urlTemplate":"https:\/\/hiramenriquez.com\/?s={search_term_string}"},"query-input":"required name=search_term_string"}],"inLanguage":"es"},{"@type":"ImageObject","@id":"https:\/\/hiramenriquez.com\/es\/simposio-anual-de-america-latina-y-el-caribe-la-cultura-de-medios-moviles-de-comunicacion-en-las-americas\/#primaryimage","inLanguage":"es","url":"https:\/\/hiramenriquez.com\/wp-content\/uploads\/2017\/03\/MMCA17-1-e1491525329492.jpg","contentUrl":"https:\/\/hiramenriquez.com\/wp-content\/uploads\/2017\/03\/MMCA17-1-e1491525329492.jpg","width":533,"height":400,"caption":"Hiram en el Simposio anual de Am\u00e9rica Latina y el Caribe"},{"@type":"WebPage","@id":"https:\/\/hiramenriquez.com\/es\/simposio-anual-de-america-latina-y-el-caribe-la-cultura-de-medios-moviles-de-comunicacion-en-las-americas\/#webpage","url":"https:\/\/hiramenriquez.com\/es\/simposio-anual-de-america-latina-y-el-caribe-la-cultura-de-medios-moviles-de-comunicacion-en-las-americas\/","name":"Simposio anual de Am\u00e9rica Latina y el Caribe: La cultura de medios m\u00f3viles de comunicaci\u00f3n en las Am\u00e9ricas","isPartOf":{"@id":"https:\/\/hiramenriquez.com\/#website"},"primaryImageOfPage":{"@id":"https:\/\/hiramenriquez.com\/es\/simposio-anual-de-america-latina-y-el-caribe-la-cultura-de-medios-moviles-de-comunicacion-en-las-americas\/#primaryimage"},"datePublished":"2017-03-24T21:37:01+00:00","dateModified":"2017-03-24T21:37:01+00:00","author":{"@id":"https:\/\/hiramenriquez.com\/#\/schema\/person\/63a0263045efcc85f2288c041b28d217"},"description":"Desde invenciones en plataformas y sistemas de entrega durante la \u00faltima d\u00e9cada hasta el papel clave del contenido en la era de los medios digitales.","breadcrumb":{"@id":"https:\/\/hiramenriquez.com\/es\/simposio-anual-de-america-latina-y-el-caribe-la-cultura-de-medios-moviles-de-comunicacion-en-las-americas\/#breadcrumb"},"inLanguage":"es","potentialAction":[{"@type":"ReadAction","target":["https:\/\/hiramenriquez.com\/es\/simposio-anual-de-america-latina-y-el-caribe-la-cultura-de-medios-moviles-de-comunicacion-en-las-americas\/"]}]},{"@type":"BreadcrumbList","@id":"https:\/\/hiramenriquez.com\/es\/simposio-anual-de-america-latina-y-el-caribe-la-cultura-de-medios-moviles-de-comunicacion-en-las-americas\/#breadcrumb","itemListElement":[{"@type":"ListItem","position":1,"name":"Home","item":"https:\/\/hiramenriquez.com\/es\/"},{"@type":"ListItem","position":2,"name":"Simposio anual de Am\u00e9rica Latina y el Caribe: La cultura de medios m\u00f3viles de comunicaci\u00f3n en las Am\u00e9ricas"}]},{"@type":"Person","@id":"https:\/\/hiramenriquez.com\/#\/schema\/person\/63a0263045efcc85f2288c041b28d217","name":"administrator","image":{"@type":"ImageObject","@id":"https:\/\/hiramenriquez.com\/#personlogo","inLanguage":"es","url":"https:\/\/secure.gravatar.com\/avatar\/94599b20ab6ca2410c78ffbef8e1d633?s=96&d=mm&r=g","contentUrl":"https:\/\/secure.gravatar.com\/avatar\/94599b20ab6ca2410c78ffbef8e1d633?s=96&d=mm&r=g","caption":"administrator"},"url":"https:\/\/hiramenriquez.com\/es\/author\/administrator\/"}]}},"_links":{"self":[{"href":"https:\/\/hiramenriquez.com\/es\/wp-json\/wp\/v2\/posts\/5930\/"}],"collection":[{"href":"https:\/\/hiramenriquez.com\/es\/wp-json\/wp\/v2\/posts\/"}],"about":[{"href":"https:\/\/hiramenriquez.com\/es\/wp-json\/wp\/v2\/types\/post\/"}],"author":[{"embeddable":true,"href":"https:\/\/hiramenriquez.com\/es\/wp-json\/wp\/v2\/users\/1\/"}],"replies":[{"embeddable":true,"href":"https:\/\/hiramenriquez.com\/es\/wp-json\/wp\/v2\/comments\/?post=5930"}],"version-history":[{"count":8,"href":"https:\/\/hiramenriquez.com\/es\/wp-json\/wp\/v2\/posts\/5930\/revisions\/"}],"predecessor-version":[{"id":5940,"href":"https:\/\/hiramenriquez.com\/es\/wp-json\/wp\/v2\/posts\/5930\/revisions\/5940\/"}],"wp:featuredmedia":[{"embeddable":true,"href":"https:\/\/hiramenriquez.com\/es\/wp-json\/wp\/v2\/media\/5918\/"}],"wp:attachment":[{"href":"https:\/\/hiramenriquez.com\/es\/wp-json\/wp\/v2\/media\/?parent=5930"}],"wp:term":[{"taxonomy":"category","embeddable":true,"href":"https:\/\/hiramenriquez.com\/es\/wp-json\/wp\/v2\/categories\/?post=5930"},{"taxonomy":"post_tag","embeddable":true,"href":"https:\/\/hiramenriquez.com\/es\/wp-json\/wp\/v2\/tags\/?post=5930"}],"curies":[{"name":"wp","href":"https:\/\/api.w.org\/{rel}","templated":true}]}}